{"id":229,"date":"2021-05-19T21:17:51","date_gmt":"2021-05-19T19:17:51","guid":{"rendered":"https:\/\/blogg.uit.no\/blu002\/?p=229"},"modified":"2021-05-19T21:17:51","modified_gmt":"2021-05-19T19:17:51","slug":"a-veie-molekyler-med-lys","status":"publish","type":"post","link":"https:\/\/blogg.uit.no\/blu002\/2021\/05\/19\/a-veie-molekyler-med-lys\/","title":{"rendered":"\u00c5 veie molekyler med lys"},"content":{"rendered":"<p>Refeyn (uttales visst refine) har lansert et instrument som jeg fikk pr\u00f8ve i dag p\u00e5 en lokal demonstasjon. Det m\u00e5ler st\u00f8rrelsen p\u00e5 proteiner og andre partikler p\u00e5 nanoniv\u00e5 igjennom en mikroskop-teknikk. Det betyr at det ikke er n\u00f8dvendig \u00e5 merke proteinet p\u00e5 noen m\u00e5te (slik vi ofte gj\u00f8r for fluorescens), ei heller trenger det \u00e5 v\u00e6re i en kyvette som du bruker en evighet p\u00e5 \u00e5 vaske.<br \/>\nEn dr\u00e5pe opp\u00e5 et dekkglass som blir holdt p\u00e5 plass av magneter over linsen, ogs\u00e5 er du i gang. En m\u00e5ling tok 1 minutt.<br \/>\n<a href=\"https:\/\/blogg.uit.no\/blu002\/wp-content\/uploads\/sites\/127\/2021\/05\/IMG_20210519_143210.jpg\"><img fetchpriority=\"high\" fetchpriority=\"high\" decoding=\"async\" class=\"aligncenter size-medium wp-image-230\" src=\"https:\/\/blogg.uit.no\/blu002\/wp-content\/uploads\/sites\/127\/2021\/05\/IMG_20210519_143210-300x225.jpg\" alt=\"\" width=\"300\" height=\"225\" srcset=\"https:\/\/blogg.uit.no\/blu002\/wp-content\/uploads\/sites\/127\/2021\/05\/IMG_20210519_143210-300x225.jpg 300w, https:\/\/blogg.uit.no\/blu002\/wp-content\/uploads\/sites\/127\/2021\/05\/IMG_20210519_143210-768x576.jpg 768w, https:\/\/blogg.uit.no\/blu002\/wp-content\/uploads\/sites\/127\/2021\/05\/IMG_20210519_143210-1024x768.jpg 1024w\" sizes=\"(max-width: 300px) 100vw, 300px\" \/><\/a><br \/>\nDe svarte prikkene p\u00e5 det som ser ut som en analog TV-skjerm er rekonstruerte bilder av enkelt-partikler. Rekonstruert fordi det ikke er mulig \u00e5 bruke lysmikroskopi for \u00e5 ta bilder av s\u00e5 sm\u00e5 partikler. Som alltid er det noks\u00e5 fancy fysikk bak (teknikken er utviklet ved Oxford universitet), men det som egentlig m\u00e5les er alts\u00e5 inteferens mellom lyset som er blitt spredd p\u00e5 grunn av partiklene i l\u00f8sning og lyset som reflekteres. Denne inteferensen er proporsjonal med massen.<br \/>\nOg basert p\u00e5 histogrammer over partikkel-distrubsjoner er det da mulig \u00e5 tegne fine histogrammer for \u00e5 finne st\u00f8rrelsen p\u00e5 partiklene i l\u00f8sning.<br \/>\n<a href=\"https:\/\/blogg.uit.no\/blu002\/wp-content\/uploads\/sites\/127\/2021\/05\/IMG_20210519_143457.jpg\"><img decoding=\"async\" class=\"aligncenter size-medium wp-image-231\" src=\"https:\/\/blogg.uit.no\/blu002\/wp-content\/uploads\/sites\/127\/2021\/05\/IMG_20210519_143457-225x300.jpg\" alt=\"\" width=\"225\" height=\"300\" srcset=\"https:\/\/blogg.uit.no\/blu002\/wp-content\/uploads\/sites\/127\/2021\/05\/IMG_20210519_143457-225x300.jpg 225w, https:\/\/blogg.uit.no\/blu002\/wp-content\/uploads\/sites\/127\/2021\/05\/IMG_20210519_143457-768x1024.jpg 768w\" sizes=\"(max-width: 225px) 100vw, 225px\" \/><\/a><br \/>\nI dette tilfellet m\u00e5lte jeg p\u00e5 proteinet kollagen, siden jeg trengte et noks\u00e5 stort protein for \u00e5 f\u00e5 godt nok signal. Og det vi ser er ganske tydelig p\u00e5 at det som hovedsaklig er i l\u00f8sning korresponderer til trippel-heliks-formen p\u00e5 kollagen som jeg h\u00e5pte p\u00e5 \u00e5 f\u00e5.<\/p>\n<p>Hvor mye instrumentet koster vet jeg ikke, men det hadde v\u00e6rt veldig kjekt \u00e5 ha tilgjengelig.<\/p>\n","protected":false},"excerpt":{"rendered":"<p>Refeyn (uttales visst refine) har lansert et instrument som jeg fikk pr\u00f8ve i dag p\u00e5 en lokal demonstasjon. Det m\u00e5ler st\u00f8rrelsen p\u00e5 proteiner og andre partikler p\u00e5 nanoniv\u00e5 igjennom en mikroskop-teknikk. Det betyr at det ikke er n\u00f8dvendig \u00e5 merke proteinet p\u00e5 noen m\u00e5te (slik vi ofte gj\u00f8r for fluorescens), ei heller trenger det \u00e5 [&hellip;]<\/p>\n","protected":false},"author":188,"featured_media":0,"comment_status":"closed","ping_status":"closed","sticky":false,"template":"","format":"standard","meta":{"_et_pb_use_builder":"","_et_pb_old_content":"","_et_gb_content_width":"","footnotes":""},"categories":[33],"tags":[28,23,48],"class_list":["post-229","post","type-post","status-publish","format-standard","hentry","category-forskning","tag-forskning","tag-nano","tag-protein"],"featured_image_src":"","featured_image_src_square":false,"author_info":{"display_name":"Bjarte Aarmo Lund","author_link":"https:\/\/blogg.uit.no\/blu002\/author\/bjarte-aarmo-lund\/"},"rbea_author_info":{"display_name":"Bjarte Aarmo Lund","author_link":"https:\/\/blogg.uit.no\/blu002\/author\/bjarte-aarmo-lund\/"},"rbea_excerpt_info":"Refeyn (uttales visst refine) har lansert et instrument som jeg fikk pr\u00f8ve i dag p\u00e5 en lokal demonstasjon. Det m\u00e5ler st\u00f8rrelsen p\u00e5 proteiner og andre partikler p\u00e5 nanoniv\u00e5 igjennom en mikroskop-teknikk. Det betyr at det ikke er n\u00f8dvendig \u00e5 merke proteinet p\u00e5 noen m\u00e5te (slik vi ofte gj\u00f8r for fluorescens), ei heller trenger det \u00e5 [&hellip;]","category_list":"<a href=\"https:\/\/blogg.uit.no\/blu002\/category\/forskning\/\" rel=\"category tag\">Forskning<\/a>","comments_num":"0 comments","_links":{"self":[{"href":"https:\/\/blogg.uit.no\/blu002\/wp-json\/wp\/v2\/posts\/229","targetHints":{"allow":["GET"]}}],"collection":[{"href":"https:\/\/blogg.uit.no\/blu002\/wp-json\/wp\/v2\/posts"}],"about":[{"href":"https:\/\/blogg.uit.no\/blu002\/wp-json\/wp\/v2\/types\/post"}],"author":[{"embeddable":true,"href":"https:\/\/blogg.uit.no\/blu002\/wp-json\/wp\/v2\/users\/188"}],"replies":[{"embeddable":true,"href":"https:\/\/blogg.uit.no\/blu002\/wp-json\/wp\/v2\/comments?post=229"}],"version-history":[{"count":1,"href":"https:\/\/blogg.uit.no\/blu002\/wp-json\/wp\/v2\/posts\/229\/revisions"}],"predecessor-version":[{"id":232,"href":"https:\/\/blogg.uit.no\/blu002\/wp-json\/wp\/v2\/posts\/229\/revisions\/232"}],"wp:attachment":[{"href":"https:\/\/blogg.uit.no\/blu002\/wp-json\/wp\/v2\/media?parent=229"}],"wp:term":[{"taxonomy":"category","embeddable":true,"href":"https:\/\/blogg.uit.no\/blu002\/wp-json\/wp\/v2\/categories?post=229"},{"taxonomy":"post_tag","embeddable":true,"href":"https:\/\/blogg.uit.no\/blu002\/wp-json\/wp\/v2\/tags?post=229"}],"curies":[{"name":"wp","href":"https:\/\/api.w.org\/{rel}","templated":true}]}}