{"id":249,"date":"2013-04-18T11:08:41","date_gmt":"2013-04-18T09:08:41","guid":{"rendered":"https:\/\/blogg.uit.no\/kha004\/?p=249"},"modified":"2013-04-18T11:08:41","modified_gmt":"2013-04-18T09:08:41","slug":"samehets-fordommer-og-helse","status":"publish","type":"post","link":"https:\/\/blogg.uit.no\/kha004\/2013\/04\/18\/samehets-fordommer-og-helse\/","title":{"rendered":"Samehets, fordommer og helse"},"content":{"rendered":"<p>&#8220;Samer opplever ofte \u00e5 bli diskriminert og mobbet i dagens Norge. den siste tiden har vi v\u00e6rt vitne til flere tilfeller av rasistiske uttalelser og at intensiteten mot samer i media, og s\u00e6rlig i nettdebattene, har n\u00e5dd et alarmerende niv\u00e5. at samer utsettes for diskriminering i form av grove ord, samevitser, netthets og tullejoiking er en del av hverdagsrasismen som mange samer f\u00f8ler p\u00e5 kroppen. resultater fra min forskning viser at rundt fire av ti samisktalende menn og en av tre samisktalende kvinner i alderen 36-79 \u00e5r oppgir \u00e5 ha blitt diskriminert p\u00e5 grunnlag av sin samiske bakgrunn. videre viser mitt forskningspro- sjekt at etnisk diskriminering bidrar til etniske ulikheter i somatisk og mental helsestatus mellom samer og etniske nordmenn. respondenter som rapporterte diskriminering var mer tilb\u00f8yelig til \u00e5 rapportere d\u00e5rligere egenvurdert helse og mer psykisk stress.&#8221;<\/p>\n<p>&nbsp;<\/p>\n<p>Dette er ingressen p\u00e5 mitt siste bokkapittel, trykket i Hvor g\u00e5r Nord-Norge? Et institusjonelt perspektiv p\u00e5 folk og landsdel. <a href=\"http:\/\/www.adlibris.com\/no\/product.aspx?isbn=8281042184\">Link til omtale av boken<\/a>.<\/p>\n<p>&nbsp;<\/p>\n<p>&nbsp;<\/p>\n","protected":false},"excerpt":{"rendered":"<p>&#8220;Samer opplever ofte \u00e5 bli diskriminert og mobbet i dagens Norge. den siste tiden har vi v\u00e6rt vitne til flere tilfeller av rasistiske uttalelser og at intensiteten mot samer i media, og s\u00e6rlig i nettdebattene, har n\u00e5dd et alarmerende niv\u00e5. &hellip; <a href=\"https:\/\/blogg.uit.no\/kha004\/2013\/04\/18\/samehets-fordommer-og-helse\/\">Continue reading <span class=\"meta-nav\">&rarr;<\/span><\/a><\/p>\n","protected":false},"author":72,"featured_media":0,"comment_status":"closed","ping_status":"closed","sticky":false,"template":"","format":"standard","meta":{"_et_pb_use_builder":"","_et_pb_old_content":"","_et_gb_content_width":"","footnotes":""},"categories":[1],"tags":[],"class_list":["post-249","post","type-post","status-publish","format-standard","hentry","category-uncategorized"],"featured_image_src":"","featured_image_src_square":false,"author_info":{"display_name":"Ketil Lenert Hansen","author_link":"https:\/\/blogg.uit.no\/kha004\/author\/ketil-lenert-hansen\/"},"rbea_author_info":{"display_name":"Ketil Lenert Hansen","author_link":"https:\/\/blogg.uit.no\/kha004\/author\/ketil-lenert-hansen\/"},"rbea_excerpt_info":"&#8220;Samer opplever ofte \u00e5 bli diskriminert og mobbet i dagens Norge. den siste tiden har vi v\u00e6rt vitne til flere tilfeller av rasistiske uttalelser og at intensiteten mot samer i media, og s\u00e6rlig i nettdebattene, har n\u00e5dd et alarmerende niv\u00e5. &hellip; <a href=\"https:\/\/blogg.uit.no\/kha004\/2013\/04\/18\/samehets-fordommer-og-helse\/\">Continue reading <span class=\"meta-nav\">&rarr;<\/span><\/a>","category_list":"<a href=\"https:\/\/blogg.uit.no\/kha004\/category\/uncategorized\/\" rel=\"category tag\">Uncategorized<\/a>","comments_num":"0 comments","_links":{"self":[{"href":"https:\/\/blogg.uit.no\/kha004\/wp-json\/wp\/v2\/posts\/249","targetHints":{"allow":["GET"]}}],"collection":[{"href":"https:\/\/blogg.uit.no\/kha004\/wp-json\/wp\/v2\/posts"}],"about":[{"href":"https:\/\/blogg.uit.no\/kha004\/wp-json\/wp\/v2\/types\/post"}],"author":[{"embeddable":true,"href":"https:\/\/blogg.uit.no\/kha004\/wp-json\/wp\/v2\/users\/72"}],"replies":[{"embeddable":true,"href":"https:\/\/blogg.uit.no\/kha004\/wp-json\/wp\/v2\/comments?post=249"}],"version-history":[{"count":1,"href":"https:\/\/blogg.uit.no\/kha004\/wp-json\/wp\/v2\/posts\/249\/revisions"}],"predecessor-version":[{"id":250,"href":"https:\/\/blogg.uit.no\/kha004\/wp-json\/wp\/v2\/posts\/249\/revisions\/250"}],"wp:attachment":[{"href":"https:\/\/blogg.uit.no\/kha004\/wp-json\/wp\/v2\/media?parent=249"}],"wp:term":[{"taxonomy":"category","embeddable":true,"href":"https:\/\/blogg.uit.no\/kha004\/wp-json\/wp\/v2\/categories?post=249"},{"taxonomy":"post_tag","embeddable":true,"href":"https:\/\/blogg.uit.no\/kha004\/wp-json\/wp\/v2\/tags?post=249"}],"curies":[{"name":"wp","href":"https:\/\/api.w.org\/{rel}","templated":true}]}}