{"id":33,"date":"2012-05-22T20:19:06","date_gmt":"2012-05-22T18:19:06","guid":{"rendered":"https:\/\/blogg.uit.no\/kha004\/?p=33"},"modified":"2012-05-22T20:19:06","modified_gmt":"2012-05-22T18:19:06","slug":"livskraftig-og-likeverdig-etnisk-diskriminering-som-utfordring-for-samisk-kirkeliv","status":"publish","type":"post","link":"https:\/\/blogg.uit.no\/kha004\/2012\/05\/22\/livskraftig-og-likeverdig-etnisk-diskriminering-som-utfordring-for-samisk-kirkeliv\/","title":{"rendered":"Livskraftig og likeverdig? Etnisk diskriminering som utfordring for samisk kirkeliv"},"content":{"rendered":"<p>30.-31. mai 2012 deltar jeg som hovedforeleser p\u00e5 konferansen: <a href=\"http:\/\/www.kirken.no\/nord-haalogaland\/doc\/\/Ny%20Samisk%20kirkeliv\/Invitasjon%20Samisk%20kirkelivskonferanse%20mai%202012.pdf\" target=\"_blank\">Livskraftig og likeverdig? Etnisk diskriminering som utfordring for samisk kirkeliv<\/a>, som arrangeres i Troms\u00f8 i regi avSamisk kirker\u00e5d har i samarbeid med Kirkelig Utdanningssenter i Nord (KUN).<\/p>\n<p><strong>Hovedtema er etnisk diskriminering<\/strong>, og under f\u00f8lger det utdrag fra program plakaten:<\/p>\n<p>&#8220;Hovedtemaet p\u00e5 konferansen \u2013 etnisk diskriminering \u2013 anser vi som sv\u00e6rt aktuelt. Det siste \u00e5ret har det samiske v\u00e6rt gjenstand for sterk og til dels uverdig debatt i nordnorsk offentlighet, s\u00e6rlig knyttet til de st\u00f8rre byene. Samtidig har ny og til dels urovekkende forskning p\u00e5 feltet blitt offentliggjort. Samtidig vedtok Kirkem\u00f8tet i fjor Strategiplan for samisk kirkeliv med visjonen \u00ablivskraftig og likeverdig\u00bb, og vi er i f\u00f8rste \u00e5ret for implementeringen av planen. Hva betyr det \u00e5 v\u00e6re kirke i S\u00e1pmi i denne situasjonen? Hva sier forskningen<\/p>\n<p>om situasjonen? Skiller diskriminering av samer seg fra annen diskriminering? Hva erfarer v\u00e5re studenter? Hva kan bibeltekstene si oss? Og hva betyr det for kirkens prestetjeneste, trosoppl\u00e6ring, diakoni og kirkemusikk? Hvilke verkt\u00f8y har vi, og hvordan bruker vi dem?<\/p>\n<p>Gjennom konferansen \u00f8nsker vi \u00e5 bidra til \u00f8kt bevissthet og beredskap blant kirkelige ansatte og frivillige, i m\u00f8te med den p\u00e5g\u00e5ende debatten. Konferansen \u00f8nsker \u00e5 n\u00e5 bredden av kirkelige ansatte og ellers interesserte&#8221;.<\/p>\n<p>Andre forelesere p\u00e5 konferansen er blant annet: Kari Helene Partapuoli, fra Antirasistisk Senter, Tore Johnsen, generalsekret\u00e6r i Samisk kirker\u00e5d og Lillian Ballo, som leder for\u00a0S\u00e1mi Studeanttaid Searvi Romssas \/ Samiske Studenters Forening i Troms\u00f8 (SSSR)<\/p>\n<p>Dette blir veldig spennende !!<\/p>\n<p>&nbsp;<\/p>\n","protected":false},"excerpt":{"rendered":"<p>30.-31. mai 2012 deltar jeg som hovedforeleser p\u00e5 konferansen: Livskraftig og likeverdig? Etnisk diskriminering som utfordring for samisk kirkeliv, som arrangeres i Troms\u00f8 i regi avSamisk kirker\u00e5d har i samarbeid med Kirkelig Utdanningssenter i Nord (KUN). Hovedtema er etnisk diskriminering, &hellip; <a href=\"https:\/\/blogg.uit.no\/kha004\/2012\/05\/22\/livskraftig-og-likeverdig-etnisk-diskriminering-som-utfordring-for-samisk-kirkeliv\/\">Continue reading <span class=\"meta-nav\">&rarr;<\/span><\/a><\/p>\n","protected":false},"author":72,"featured_media":0,"comment_status":"open","ping_status":"closed","sticky":false,"template":"","format":"standard","meta":{"_et_pb_use_builder":"","_et_pb_old_content":"","_et_gb_content_width":"","footnotes":""},"categories":[1],"tags":[],"class_list":["post-33","post","type-post","status-publish","format-standard","hentry","category-uncategorized"],"featured_image_src":"","featured_image_src_square":false,"author_info":{"display_name":"Ketil Lenert Hansen","author_link":"https:\/\/blogg.uit.no\/kha004\/author\/ketil-lenert-hansen\/"},"rbea_author_info":{"display_name":"Ketil Lenert Hansen","author_link":"https:\/\/blogg.uit.no\/kha004\/author\/ketil-lenert-hansen\/"},"rbea_excerpt_info":"30.-31. mai 2012 deltar jeg som hovedforeleser p\u00e5 konferansen: Livskraftig og likeverdig? Etnisk diskriminering som utfordring for samisk kirkeliv, som arrangeres i Troms\u00f8 i regi avSamisk kirker\u00e5d har i samarbeid med Kirkelig Utdanningssenter i Nord (KUN). Hovedtema er etnisk diskriminering, &hellip; <a href=\"https:\/\/blogg.uit.no\/kha004\/2012\/05\/22\/livskraftig-og-likeverdig-etnisk-diskriminering-som-utfordring-for-samisk-kirkeliv\/\">Continue reading <span class=\"meta-nav\">&rarr;<\/span><\/a>","category_list":"<a href=\"https:\/\/blogg.uit.no\/kha004\/category\/uncategorized\/\" rel=\"category tag\">Uncategorized<\/a>","comments_num":"0 comments","_links":{"self":[{"href":"https:\/\/blogg.uit.no\/kha004\/wp-json\/wp\/v2\/posts\/33","targetHints":{"allow":["GET"]}}],"collection":[{"href":"https:\/\/blogg.uit.no\/kha004\/wp-json\/wp\/v2\/posts"}],"about":[{"href":"https:\/\/blogg.uit.no\/kha004\/wp-json\/wp\/v2\/types\/post"}],"author":[{"embeddable":true,"href":"https:\/\/blogg.uit.no\/kha004\/wp-json\/wp\/v2\/users\/72"}],"replies":[{"embeddable":true,"href":"https:\/\/blogg.uit.no\/kha004\/wp-json\/wp\/v2\/comments?post=33"}],"version-history":[{"count":1,"href":"https:\/\/blogg.uit.no\/kha004\/wp-json\/wp\/v2\/posts\/33\/revisions"}],"predecessor-version":[{"id":34,"href":"https:\/\/blogg.uit.no\/kha004\/wp-json\/wp\/v2\/posts\/33\/revisions\/34"}],"wp:attachment":[{"href":"https:\/\/blogg.uit.no\/kha004\/wp-json\/wp\/v2\/media?parent=33"}],"wp:term":[{"taxonomy":"category","embeddable":true,"href":"https:\/\/blogg.uit.no\/kha004\/wp-json\/wp\/v2\/categories?post=33"},{"taxonomy":"post_tag","embeddable":true,"href":"https:\/\/blogg.uit.no\/kha004\/wp-json\/wp\/v2\/tags?post=33"}],"curies":[{"name":"wp","href":"https:\/\/api.w.org\/{rel}","templated":true}]}}